{"id":91009,"date":"2026-08-30T13:44:50","date_gmt":"2026-08-30T13:44:50","guid":{"rendered":"https:\/\/diariocatolico.org\/?p=91009"},"modified":"2026-08-31T14:59:24","modified_gmt":"2026-08-31T14:59:24","slug":"homilia-mons-morel-diplan-en-celebracion-485-aniversario-catedral-primada-de-america","status":"publish","type":"post","link":"https:\/\/diariocatolico.org\/index.php\/2026\/08\/30\/homilia-mons-morel-diplan-en-celebracion-485-aniversario-catedral-primada-de-america\/","title":{"rendered":"HOMILIA MONS. MOREL DIPLAN EN CELEBRACION 485 ANIVERSARIO CATEDRAL PRIMADA DE AMERICA"},"content":{"rendered":"<h3>Catedral Primada de Am\u00e9rica celebra 485 a\u00f1os de su dedicaci\u00f3n con un llamado a renovar la fe y la adoraci\u00f3n a Dios<\/h3>\n<p>Con motivo del <strong>485 aniversario de la dedicaci\u00f3n de la Catedral Primada de Am\u00e9rica<\/strong>, se celebr\u00f3 una acci\u00f3n de gracias en este hist\u00f3rico templo, ocasi\u00f3n en la que se destac\u00f3 su importancia como espacio de encuentro, reflexi\u00f3n, esperanza, oraci\u00f3n y comuni\u00f3n para la Iglesia.<\/p>\n<p>Durante la homil\u00eda se resalt\u00f3 que la Catedral de Santo Domingo es testimonio de la fe, la cultura y la historia de la evangelizaci\u00f3n en la isla. Su arquitectura, simbolismo y belleza fueron presentados como caminos que ayudan al encuentro con Dios y que evocan la trascendencia y la meta \u00faltima del ser humano.<\/p>\n<p>La homil\u00eda record\u00f3 tambi\u00e9n los or\u00edgenes hist\u00f3ricos de la Catedral, vinculados a la creaci\u00f3n de las primeras di\u00f3cesis del Nuevo Mundo. Se destac\u00f3 la llegada de los primeros obispos, la colocaci\u00f3n de la primera piedra en 1521 y la posterior consagraci\u00f3n del templo el 31 de agosto de 1541.<\/p>\n<p>Asimismo, se explic\u00f3 el significado de una catedral como iglesia madre de una di\u00f3cesis, donde se encuentra la c\u00e1tedra del obispo y desde donde ejerce su misi\u00f3n de ense\u00f1ar, santificar y gobernar al pueblo. En este sentido, la Catedral Primada fue presentada como signo visible de la tradici\u00f3n cristiana y de la unidad de la comunidad eclesial.<\/p>\n<p>La homil\u00eda dedic\u00f3 tambi\u00e9n especial atenci\u00f3n a <strong>Nuestra Se\u00f1ora de la Encarnaci\u00f3n<\/strong>, patrona de la Catedral, cuya advocaci\u00f3n est\u00e1 estrechamente vinculada al misterio de la Anunciaci\u00f3n y la Encarnaci\u00f3n del Verbo. Se destac\u00f3 en Mar\u00eda su humildad, obediencia y entrega a la voluntad de Dios, as\u00ed como su invitaci\u00f3n a vivir en la fe, la esperanza y la caridad.<\/p>\n<p>A partir de las lecturas b\u00edblicas, se reflexion\u00f3 sobre el mensaje del profeta Nehem\u00edas acerca del gozo que nace de la confianza en Dios y sobre el di\u00e1logo de Jes\u00fas con la mujer samaritana, presentado como una ense\u00f1anza sobre la verdadera adoraci\u00f3n.<\/p>\n<p>En este \u00faltimo sentido, se subray\u00f3 que Jes\u00fas ense\u00f1a que la adoraci\u00f3n verdadera trasciende los lugares y las tradiciones externas y debe convertirse en una relaci\u00f3n \u00edntima con Dios, guiada por el Esp\u00edritu Santo. \u00abEl Padre busca adoradores que lo adoren en esp\u00edritu y en verdad\u00bb, se record\u00f3 durante la homil\u00eda.<\/p>\n<p>Al concluir, se expres\u00f3 el deseo de que la Catedral Primada de Am\u00e9rica contin\u00fae siendo <strong>signo y espacio de encuentro con Dios y con los hermanos, lugar de oraci\u00f3n, comuni\u00f3n y contemplaci\u00f3n de Dios entre nosotros<\/strong>.<\/p>\n<div data-sliderid=\"63985\" id=\"penci-post-gallery__63985\" class=\"penci-post-gallery-container justified column-3\" data-height=\"150\" data-margin=\"3\"><a class=\"penci-gallery-ite item-gallery-justified\" href=\"https:\/\/diariocatolico.org\/wp-content\/uploads\/2026\/08\/9aa52d64-51bd-46c2-be62-d59d12b48a88.jpg\" data-rel=\"penci-gallery-image-content\" ><img decoding=\"async\" src=\"https:\/\/diariocatolico.org\/wp-content\/uploads\/2026\/08\/9aa52d64-51bd-46c2-be62-d59d12b48a88-585x332.jpg\" alt=\"\" title=\"9aa52d64-51bd-46c2-be62-d59d12b48a88\"><\/a><a class=\"penci-gallery-ite item-gallery-justified\" href=\"https:\/\/diariocatolico.org\/wp-content\/uploads\/2026\/08\/WhatsApp-Image-2026-08-31-at-9.52.50-AM.jpeg\" data-rel=\"penci-gallery-image-content\" ><img decoding=\"async\" src=\"https:\/\/diariocatolico.org\/wp-content\/uploads\/2026\/08\/WhatsApp-Image-2026-08-31-at-9.52.50-AM-585x322.jpeg\" alt=\"\" title=\"WhatsApp Image 2026-08-31 at 9.52.50 AM\"><\/a><\/div>\n<p><a href=\"https:\/\/diariocatolico.org\/wp-content\/uploads\/2026\/08\/HOMILIA-MONS.-DIPLAN-DE-LOS-485-ANIV.-CATEDRAL.docx\">HOMILIA MONS. DIPLAN DE LOS 485 ANIV. CATEDRAL<\/a><\/p>\n<p><iframe title=\"MISA POR 485 ANIVERSARIO DE LA DEDICACI\u00d3N DE LA BAS\u00cdLICA CATEDRAL NUESTRA SE\u00d1ORA DE LA ENCARNACI\u00d3N\" width=\"1170\" height=\"658\" src=\"https:\/\/www.youtube.com\/embed\/3psoLEtuRAk?feature=oembed\" frameborder=\"0\" allow=\"accelerometer; autoplay; clipboard-write; encrypted-media; gyroscope; picture-in-picture; web-share\" referrerpolicy=\"strict-origin-when-cross-origin\" allowfullscreen><\/iframe><\/p>\n","protected":false},"excerpt":{"rendered":"<p>Catedral Primada de Am\u00e9rica celebra 485 a\u00f1os de su dedicaci\u00f3n con un llamado a renovar&hellip;<\/p>\n","protected":false},"author":17,"featured_media":91011,"comment_status":"open","ping_status":"closed","sticky":false,"template":"","format":"standard","meta":{"_lmt_disableupdate":"","_lmt_disable":"","footnotes":""},"categories":[918],"tags":[],"class_list":["post-91009","post","type-post","status-publish","format-standard","has-post-thumbnail","hentry","category-mons-diplan"],"jetpack_featured_media_url":"https:\/\/diariocatolico.org\/wp-content\/uploads\/2026\/08\/WhatsApp-Image-2026-08-31-at-9.58.11-AM.jpeg","_links":{"self":[{"href":"https:\/\/diariocatolico.org\/index.php\/wp-json\/wp\/v2\/posts\/91009","targetHints":{"allow":["GET"]}}],"collection":[{"href":"https:\/\/diariocatolico.org\/index.php\/wp-json\/wp\/v2\/posts"}],"about":[{"href":"https:\/\/diariocatolico.org\/index.php\/wp-json\/wp\/v2\/types\/post"}],"author":[{"embeddable":true,"href":"https:\/\/diariocatolico.org\/index.php\/wp-json\/wp\/v2\/users\/17"}],"replies":[{"embeddable":true,"href":"https:\/\/diariocatolico.org\/index.php\/wp-json\/wp\/v2\/comments?post=91009"}],"version-history":[{"count":1,"href":"https:\/\/diariocatolico.org\/index.php\/wp-json\/wp\/v2\/posts\/91009\/revisions"}],"predecessor-version":[{"id":91037,"href":"https:\/\/diariocatolico.org\/index.php\/wp-json\/wp\/v2\/posts\/91009\/revisions\/91037"}],"wp:featuredmedia":[{"embeddable":true,"href":"https:\/\/diariocatolico.org\/index.php\/wp-json\/wp\/v2\/media\/91011"}],"wp:attachment":[{"href":"https:\/\/diariocatolico.org\/index.php\/wp-json\/wp\/v2\/media?parent=91009"}],"wp:term":[{"taxonomy":"category","embeddable":true,"href":"https:\/\/diariocatolico.org\/index.php\/wp-json\/wp\/v2\/categories?post=91009"},{"taxonomy":"post_tag","embeddable":true,"href":"https:\/\/diariocatolico.org\/index.php\/wp-json\/wp\/v2\/tags?post=91009"}],"curies":[{"name":"wp","href":"https:\/\/api.w.org\/{rel}","templated":true}]}}