{"id":91064,"date":"2026-09-01T17:11:57","date_gmt":"2026-09-01T17:11:57","guid":{"rendered":"https:\/\/diariocatolico.org\/?p=91064"},"modified":"2026-09-01T17:58:02","modified_gmt":"2026-09-01T17:58:02","slug":"televida-recauda-rd2-3-millones-durante-el-primer-dia-de-su-telemaraton-2026","status":"publish","type":"post","link":"https:\/\/diariocatolico.org\/index.php\/2026\/09\/01\/televida-recauda-rd2-3-millones-durante-el-primer-dia-de-su-telemaraton-2026\/","title":{"rendered":"Televida recauda RD$2.3 millones durante el primer d\u00eda de su Telemarat\u00f3n 2026"},"content":{"rendered":"<p>Televida, Canal Cat\u00f3lico de la Familia, inform\u00f3 que recaud\u00f3 <strong>RD$2,300,997<\/strong> durante el primer d\u00eda del Telemarat\u00f3n Televida 2026, una jornada de solidaridad que tiene como prop\u00f3sito garantizar la continuidad de su misi\u00f3n evangelizadora, fortalecer su plataforma tecnol\u00f3gica y contribuir a la formaci\u00f3n de nuevas vocaciones sacerdotales.<\/p>\n<p>Bajo el lema <strong>\u201cUna Se\u00f1al de Esperanza, un Futuro de Vocaciones\u201d<\/strong>, el Telemarat\u00f3n inici\u00f3 el domingo 30 de agosto con una Santa Misa presidida por el arzobispo coadjutor de la Arquidi\u00f3cesis de Santo Domingo, <strong>S.E.R. Mons. Carlos Tom\u00e1s Morel Dipl\u00e1n<\/strong>, y concelebrada por el <strong>Rvdo. P. Kennedy Rodr\u00edguez<\/strong>, director general de Televida. La jornada, <strong>celebrada en el marco del 31 aniversario de Televida<\/strong>, reuni\u00f3 a sacerdotes, artistas, comunicadores, invitados especiales, voluntarios, movimientos apost\u00f3licos, pastorales, benefactores y familias dominicanas que se sumaron al llamado de apoyar esta obra de evangelizaci\u00f3n a trav\u00e9s de los medios de comunicaci\u00f3n.<\/p>\n<p>La sexta edici\u00f3n del Telemarat\u00f3n tiene como meta recaudar recursos que ser\u00e1n destinados a fortalecer la sostenibilidad del canal, renovar equipos y apoyar la formaci\u00f3n de j\u00f3venes que disciernen la vocaci\u00f3n sacerdotal, particularmente a trav\u00e9s del Seminario Menor Jes\u00fas Buen Pastor. Mons. Morel: \u201cSomos todos los bautizados y bautizadas\u201d Durante la oraci\u00f3n inicial de la jornada, Mons. Carlos Tom\u00e1s Morel Dipl\u00e1n destac\u00f3 que Televida es una obra de toda la Iglesia y exhort\u00f3 a los fieles a colaborar no solamente con sus aportes econ\u00f3micos, sino tambi\u00e9n mediante la oraci\u00f3n. \u201cLa Arquidi\u00f3cesis no es Monse\u00f1or Francisco Ozoria, la Arquidi\u00f3cesis no es Monse\u00f1or Tom\u00e1s Morel, la Arquidi\u00f3cesis no son los sacerdotes solos; somos todos los bautizados y bautizadas de esta Iglesia\u201d, afirm\u00f3.<\/p>\n<p>Televida hizo un llamado a las personas, familias, empresas, instituciones, parroquias, movimientos y comunidades de fe a continuar sum\u00e1ndose a esta iniciativa. Las recaudaciones permanecen abiertas. <strong>Quienes deseen realizar su aporte pueden comunicarse al: 809-685-4100<\/strong> La televisora invit\u00f3 adem\u00e1s a la ciudadan\u00eda a convertirse en parte permanente de esta misi\u00f3n mediante la sinton\u00eda y difusi\u00f3n de su programaci\u00f3n y el apoyo a sus contenidos de evangelizaci\u00f3n, formaci\u00f3n, espiritualidad y fortalecimiento de la vida familiar. Con 31 a\u00f1os de servicio, Televida mantiene su prop\u00f3sito de ser \u201cel Canal Cat\u00f3lico de la Familia\u201d, llevando diariamente el mensaje del Evangelio y contenidos que buscan acompa\u00f1ar y fortalecer la fe de las familias dominicanas. TELEVIDA 2026 \u201cUna Se\u00f1al de Esperanza, un Futuro de Vocaciones\u201d.<\/p>\n<p>Recaudaci\u00f3n del primer d\u00eda: RD$2,300,997 Meta: RD$10 millones Llama al 809-685-4100 y s\u00e9 parte de esta misi\u00f3n.<\/p>\n<p><strong>Revive la Santa Misa de apertura Telemarat\u00f3n Televida 2026:<\/strong> <a href=\"https:\/\/www.youtube.com\/live\/_d5cQMu7x4I\">https:\/\/www.youtube.com\/live\/_d5cQMu7x4I<\/a><\/p>\n<div data-sliderid=\"47387\" id=\"penci-post-gallery__47387\" class=\"penci-post-gallery-container justified column-3\" data-height=\"150\" data-margin=\"3\"><a class=\"penci-gallery-ite item-gallery-justified\" href=\"https:\/\/diariocatolico.org\/wp-content\/uploads\/2026\/09\/2-1.jpeg\" data-rel=\"penci-gallery-image-content\" ><img decoding=\"async\" src=\"https:\/\/diariocatolico.org\/wp-content\/uploads\/2026\/09\/2-1-585x336.jpeg\" alt=\"\" title=\"2\"><\/a><a class=\"penci-gallery-ite item-gallery-justified\" href=\"https:\/\/diariocatolico.org\/wp-content\/uploads\/2026\/09\/3-1.jpeg\" data-rel=\"penci-gallery-image-content\" ><img decoding=\"async\" src=\"https:\/\/diariocatolico.org\/wp-content\/uploads\/2026\/09\/3-1-585x439.jpeg\" alt=\"\" title=\"3\"><\/a><a class=\"penci-gallery-ite item-gallery-justified\" href=\"https:\/\/diariocatolico.org\/wp-content\/uploads\/2026\/09\/4-1.jpeg\" data-rel=\"penci-gallery-image-content\" ><img decoding=\"async\" src=\"https:\/\/diariocatolico.org\/wp-content\/uploads\/2026\/09\/4-1-585x439.jpeg\" alt=\"\" title=\"4\"><\/a><a class=\"penci-gallery-ite item-gallery-justified\" href=\"https:\/\/diariocatolico.org\/wp-content\/uploads\/2026\/09\/5-1.jpeg\" data-rel=\"penci-gallery-image-content\" ><img decoding=\"async\" src=\"https:\/\/diariocatolico.org\/wp-content\/uploads\/2026\/09\/5-1-585x329.jpeg\" alt=\"\" title=\"5\"><\/a><a class=\"penci-gallery-ite item-gallery-justified\" href=\"https:\/\/diariocatolico.org\/wp-content\/uploads\/2026\/09\/6.jpeg\" data-rel=\"penci-gallery-image-content\" ><img decoding=\"async\" src=\"https:\/\/diariocatolico.org\/wp-content\/uploads\/2026\/09\/6-585x329.jpeg\" alt=\"\" title=\"6\"><\/a><a class=\"penci-gallery-ite item-gallery-justified\" href=\"https:\/\/diariocatolico.org\/wp-content\/uploads\/2026\/09\/7.jpeg\" data-rel=\"penci-gallery-image-content\" ><img decoding=\"async\" src=\"https:\/\/diariocatolico.org\/wp-content\/uploads\/2026\/09\/7-585x329.jpeg\" alt=\"\" title=\"7\"><\/a><a class=\"penci-gallery-ite item-gallery-justified\" href=\"https:\/\/diariocatolico.org\/wp-content\/uploads\/2026\/09\/8.jpeg\" data-rel=\"penci-gallery-image-content\" ><img decoding=\"async\" src=\"https:\/\/diariocatolico.org\/wp-content\/uploads\/2026\/09\/8-585x329.jpeg\" alt=\"\" title=\"8\"><\/a><\/div>\n","protected":false},"excerpt":{"rendered":"<p>Televida, Canal Cat\u00f3lico de la Familia, inform\u00f3 que recaud\u00f3 RD$2,300,997 durante el primer d\u00eda del&hellip;<\/p>\n","protected":false},"author":6,"featured_media":91065,"comment_status":"open","ping_status":"closed","sticky":false,"template":"","format":"standard","meta":{"_lmt_disableupdate":"no","_lmt_disable":"","footnotes":""},"categories":[918,925,924],"tags":[],"class_list":["post-91064","post","type-post","status-publish","format-standard","has-post-thumbnail","hentry","category-mons-diplan","category-mons-francisco-ozoria","category-telemaraton"],"jetpack_featured_media_url":"https:\/\/diariocatolico.org\/wp-content\/uploads\/2026\/09\/1.jpeg","_links":{"self":[{"href":"https:\/\/diariocatolico.org\/index.php\/wp-json\/wp\/v2\/posts\/91064","targetHints":{"allow":["GET"]}}],"collection":[{"href":"https:\/\/diariocatolico.org\/index.php\/wp-json\/wp\/v2\/posts"}],"about":[{"href":"https:\/\/diariocatolico.org\/index.php\/wp-json\/wp\/v2\/types\/post"}],"author":[{"embeddable":true,"href":"https:\/\/diariocatolico.org\/index.php\/wp-json\/wp\/v2\/users\/6"}],"replies":[{"embeddable":true,"href":"https:\/\/diariocatolico.org\/index.php\/wp-json\/wp\/v2\/comments?post=91064"}],"version-history":[{"count":4,"href":"https:\/\/diariocatolico.org\/index.php\/wp-json\/wp\/v2\/posts\/91064\/revisions"}],"predecessor-version":[{"id":91080,"href":"https:\/\/diariocatolico.org\/index.php\/wp-json\/wp\/v2\/posts\/91064\/revisions\/91080"}],"wp:featuredmedia":[{"embeddable":true,"href":"https:\/\/diariocatolico.org\/index.php\/wp-json\/wp\/v2\/media\/91065"}],"wp:attachment":[{"href":"https:\/\/diariocatolico.org\/index.php\/wp-json\/wp\/v2\/media?parent=91064"}],"wp:term":[{"taxonomy":"category","embeddable":true,"href":"https:\/\/diariocatolico.org\/index.php\/wp-json\/wp\/v2\/categories?post=91064"},{"taxonomy":"post_tag","embeddable":true,"href":"https:\/\/diariocatolico.org\/index.php\/wp-json\/wp\/v2\/tags?post=91064"}],"curies":[{"name":"wp","href":"https:\/\/api.w.org\/{rel}","templated":true}]}}