{"id":91082,"date":"2026-09-02T16:21:26","date_gmt":"2026-09-02T16:21:26","guid":{"rendered":"https:\/\/diariocatolico.org\/?p=91082"},"modified":"2026-09-02T16:58:14","modified_gmt":"2026-09-02T16:58:14","slug":"septiembre-mes-de-la-biblia-tiempo-para-volver-a-la-palabra","status":"publish","type":"post","link":"https:\/\/diariocatolico.org\/index.php\/2026\/09\/02\/septiembre-mes-de-la-biblia-tiempo-para-volver-a-la-palabra\/","title":{"rendered":"Septiembre: Mes de la Biblia, tiempo para volver a la Palabra"},"content":{"rendered":"<p>Septiembre es celebrado en la Iglesia como el Mes de la Biblia, una ocasi\u00f3n propicia para redescubrir la Sagrada Escritura como fuente de vida, alimento de la fe y camino de encuentro con Dios. Esta celebraci\u00f3n est\u00e1 vinculada a la fiesta de San Jer\u00f3nimo, que la Iglesia conmemora cada 30 de septiembre.<\/p>\n<p>San Jer\u00f3nimo, sacerdote, estudioso y Doctor de la Iglesia, dedic\u00f3 gran parte de su vida al conocimiento y estudio de las Sagradas Escrituras. Su trabajo de traducci\u00f3n de la Biblia al lat\u00edn, conocido como la Vulgata, constituye una de las grandes obras de la historia del cristianismo.<\/p>\n<p>Como record\u00f3 Fray Nelson Medina, San Jer\u00f3nimo fue un hombre de profunda formaci\u00f3n intelectual y de una abundante labor epistolar. Su amor por la Palabra de Dios no fue solamente una dedicaci\u00f3n acad\u00e9mica, sino una realidad que marc\u00f3 toda su existencia.<\/p>\n<p>El Mes de la Biblia nos invita, por tanto, a conocer, meditar, orar, amar y difundir la Palabra de Dios. Leer la Escritura es abrirse a una Palabra que ilumina la vida, orienta el camino y fortalece la fe.<\/p>\n<p>Como ense\u00f1a el Catecismo de la Iglesia Cat\u00f3lica, la Sagrada Escritura es \u201calimento del alma, fuente l\u00edmpida y perenne de vida espiritual\u201d (CIC, 131). Septiembre nos ofrece as\u00ed una oportunidad para acercarnos nuevamente a la Biblia y dejar que la Palabra de Dios encuentre un espacio m\u00e1s profundo en nuestra vida.<\/p>\n","protected":false},"excerpt":{"rendered":"<p>Septiembre es celebrado en la Iglesia como el Mes de la Biblia, una ocasi\u00f3n propicia&hellip;<\/p>\n","protected":false},"author":17,"featured_media":91083,"comment_status":"open","ping_status":"closed","sticky":false,"template":"","format":"standard","meta":{"_lmt_disableupdate":"no","_lmt_disable":"","footnotes":""},"categories":[1],"tags":[],"class_list":["post-91082","post","type-post","status-publish","format-standard","has-post-thumbnail","hentry","category-uncategorized"],"jetpack_featured_media_url":"https:\/\/diariocatolico.org\/wp-content\/uploads\/2026\/09\/LA-BIBLIA.png","_links":{"self":[{"href":"https:\/\/diariocatolico.org\/index.php\/wp-json\/wp\/v2\/posts\/91082","targetHints":{"allow":["GET"]}}],"collection":[{"href":"https:\/\/diariocatolico.org\/index.php\/wp-json\/wp\/v2\/posts"}],"about":[{"href":"https:\/\/diariocatolico.org\/index.php\/wp-json\/wp\/v2\/types\/post"}],"author":[{"embeddable":true,"href":"https:\/\/diariocatolico.org\/index.php\/wp-json\/wp\/v2\/users\/17"}],"replies":[{"embeddable":true,"href":"https:\/\/diariocatolico.org\/index.php\/wp-json\/wp\/v2\/comments?post=91082"}],"version-history":[{"count":1,"href":"https:\/\/diariocatolico.org\/index.php\/wp-json\/wp\/v2\/posts\/91082\/revisions"}],"predecessor-version":[{"id":91084,"href":"https:\/\/diariocatolico.org\/index.php\/wp-json\/wp\/v2\/posts\/91082\/revisions\/91084"}],"wp:featuredmedia":[{"embeddable":true,"href":"https:\/\/diariocatolico.org\/index.php\/wp-json\/wp\/v2\/media\/91083"}],"wp:attachment":[{"href":"https:\/\/diariocatolico.org\/index.php\/wp-json\/wp\/v2\/media?parent=91082"}],"wp:term":[{"taxonomy":"category","embeddable":true,"href":"https:\/\/diariocatolico.org\/index.php\/wp-json\/wp\/v2\/categories?post=91082"},{"taxonomy":"post_tag","embeddable":true,"href":"https:\/\/diariocatolico.org\/index.php\/wp-json\/wp\/v2\/tags?post=91082"}],"curies":[{"name":"wp","href":"https:\/\/api.w.org\/{rel}","templated":true}]}}